{"id":21027,"date":"2025-12-11T16:45:45","date_gmt":"2025-12-11T15:45:45","guid":{"rendered":"https:\/\/cagliaricalcio.com\/?post_type=news&#038;p=21027"},"modified":"2025-12-11T16:45:45","modified_gmt":"2025-12-11T15:45:45","slug":"%f0%9f%8e%99%ef%b8%8finterview-rodriguez-opens-up","status":"publish","type":"news","link":"https:\/\/cagliaricalcio.com\/en\/news\/%f0%9f%8e%99%ef%b8%8finterview-rodriguez-opens-up\/","title":{"rendered":"\ud83c\udf99\ufe0fINTERVIEW | Rodriguez opens up"},"content":{"rendered":"\n<p>In an interview conducted for the Club&#8217;s official channels, Juan Mart\u00edn Rodr\u00edguez opens up for the first time since arriving in Sardinia. He discusses his first taste of football as a child, his Uruguayan heritage, and the bond between his country and Cagliari that dates back to the early 1990s. He also discusses the emotions of his recent debut, with two excellent performances in just a few days against Roma and Napoli.  <\/p>\n\n<p>THE ORIGINS AND FIRST KICKS<br\/>&#8220;I&#8217;ve always been passionate about soccer as a child and then as a boy,&#8221; he says. &#8220;I spent a lot of time playing with friends from the neighborhood or with family members. At school, I mostly thought about recess, wanting to play again. I was three years old when I started. I didn&#8217;t even pick up a ball; I&#8217;d just play with the sand in the middle of the field, but then, over the years, I began to get the hang of it and actually play.&#8221; A key figure in his growth was his grandfather: &#8220;He was like a second father. Sometimes my mother or father couldn&#8217;t take me to practice, but he\u2014Grandpa Juan Carlos\u2014was always available.&#8221;  <br\/><br\/>L&#8217;IDENTIT\u00c0 URUGUAIANA<br\/>\u201cQuando esci dall\u2019Uruguay la gente ti riconosce come uruguaiano e guarda a te come a uno che pu\u00f2 emulare ci\u00f2 che altri connazionali hanno fatto in Europa. Significa dimostrare quel modo di vivere il calcio che ci identifica. Mio padre \u00e8 stato il mio primo allenatore. Poi Seraf\u00edn Garc\u00eda ha influito molto a livello formativo al Pe\u00f1arol. Jadson Viera mi ha dato la possibilit\u00e0 di esordire in prima divisione al Boston River. E Diego Aguirre mi ha aiutato tantissimo quando sono rientrato al Pe\u00f1arol: giocare in prima squadra non \u00e8 lo stesso che farlo nelle giovanili.\u201d<br\/><br\/>IDENTITY KIT<br\/>&#8220;I&#8217;m a very dedicated, team-minded, and humble player. I try to give my all for the team. Commitment comes first: we try to give our all, obviously also on a technical level. Role models? I used to look up to God\u00edn a lot, now I follow Gim\u00e9nez; I like the way he marks and how he handles clinches. And then Van Dijk; I like his sense of timing.&#8221;<br\/><br\/>ITALIAN FOOTBALL<br\/>&#8220;It&#8217;s difficult to adapt to Italian football: here it&#8217;s very fast-paced, you play a lot with the ball at your feet, it&#8217;s all very technical and tactical. In Uruguay, the pace is different, you have more time to think.&#8221;<\/p>\n\n<p>THE WELCOME IN CAGLIARI<br\/>&#8220;From day one, they made me feel at ease. The Rossoblu&#8217;s history is full of great Uruguayans, and they all try to help you give what others have given to the Rossoblu jersey. Diego Lopez? He told me to stay calm, to learn, and that when my time came, I should make the most of it.&#8221; Among his former Cagliari compatriots, Nahitan N\u00e1ndez was also a role model: &#8220;I met him in the national team. He welcomed me and told me Cagliari was a great place to play. I knew that coming here had been a great experience for many Uruguayans. My family and friends were thrilled. It was my first step into Europe.&#8221; <br\/><br\/>THE CITY, THE DEBUT, THE FANS<br\/>Cagliari is a very peaceful place. When people see you, they say hello or congratulate you, and that pushes you to improve. I felt enormous pride in making my debut in the Coppa Italia and then in Serie A. I&#8217;ve been working for years to get to these moments. Without my family, my friends, and my grandfather, I wouldn&#8217;t have achieved anything. I saw the fans from the bench and I wanted to experience it from within. Luckily, it happened, and then came a prestigious victory against Roma. I&#8217;m happy; we&#8217;re doing well. It&#8217;s difficult being away from my family, but I try to do my best to make them proud of me. I thank the fans for how they&#8217;ve treated me since day one and for how they support us everywhere. Having their support is very important to us. I ask them to continue to have faith and encourage us: we&#8217;ll try to defend them on the pitch and do our best so that in the end they&#8217;re all happy and proud.<\/p>\n","protected":false},"featured_media":21018,"template":"","tags":[],"news_cat":[280,278,276,274],"class_list":["post-21027","news","type-news","status-publish","has-post-thumbnail","hentry","news_cat-interviews","news_cat-new-in","news_cat-latest-news","news_cat-first-team"],"acf":[],"yoast_head":"<!-- This site is optimized with the Yoast SEO plugin v25.3.1 - https:\/\/yoast.com\/wordpress\/plugins\/seo\/ -->\n<title>\ud83c\udf99\ufe0fINTERVIEW | Rodriguez opens up<\/title>\n<meta name=\"description\" content=\"In the interview conducted for the Club&#039;s official channels, Juan Mart\u00ecn Rodriguez opens up for the first time since his arrival in Sardinia.\" \/>\n<meta name=\"robots\" content=\"index, follow, max-snippet:-1, max-image-preview:large, max-video-preview:-1\" \/>\n<link rel=\"canonical\" href=\"https:\/\/cagliaricalcio.com\/en\/news\/%f0%9f%8e%99%ef%b8%8finterview-rodriguez-opens-up\/\" \/>\n<meta property=\"og:locale\" content=\"en_US\" \/>\n<meta property=\"og:type\" content=\"article\" \/>\n<meta property=\"og:title\" content=\"\ud83c\udf99\ufe0fINTERVIEW | Rodriguez opens up\" \/>\n<meta property=\"og:description\" content=\"In the interview conducted for the Club&#039;s official channels, Juan Mart\u00ecn Rodriguez opens up for the first time since his arrival in Sardinia.\" \/>\n<meta property=\"og:url\" content=\"https:\/\/cagliaricalcio.com\/en\/news\/%f0%9f%8e%99%ef%b8%8finterview-rodriguez-opens-up\/\" \/>\n<meta property=\"og:site_name\" content=\"Cagliari\" \/>\n<meta property=\"og:image\" content=\"https:\/\/cagliaricalcio.com\/wp-content\/uploads\/2025\/12\/MAXC5602-rodriguez.webp\" \/>\n\t<meta property=\"og:image:width\" content=\"2063\" \/>\n\t<meta property=\"og:image:height\" content=\"1547\" \/>\n\t<meta property=\"og:image:type\" content=\"image\/webp\" \/>\n<meta name=\"twitter:card\" content=\"summary_large_image\" \/>\n<meta name=\"twitter:label1\" content=\"Est. reading time\" \/>\n\t<meta name=\"twitter:data1\" content=\"4 minutes\" \/>\n<script type=\"application\/ld+json\" class=\"yoast-schema-graph\">{\"@context\":\"https:\/\/schema.org\",\"@graph\":[{\"@type\":\"WebPage\",\"@id\":\"https:\/\/cagliaricalcio.com\/en\/news\/%f0%9f%8e%99%ef%b8%8finterview-rodriguez-opens-up\/\",\"url\":\"https:\/\/cagliaricalcio.com\/en\/news\/%f0%9f%8e%99%ef%b8%8finterview-rodriguez-opens-up\/\",\"name\":\"\ud83c\udf99\ufe0fINTERVIEW | Rodriguez opens up\",\"isPartOf\":{\"@id\":\"https:\/\/cagliaricalcio.com\/en\/#website\"},\"primaryImageOfPage\":{\"@id\":\"https:\/\/cagliaricalcio.com\/en\/news\/%f0%9f%8e%99%ef%b8%8finterview-rodriguez-opens-up\/#primaryimage\"},\"image\":{\"@id\":\"https:\/\/cagliaricalcio.com\/en\/news\/%f0%9f%8e%99%ef%b8%8finterview-rodriguez-opens-up\/#primaryimage\"},\"thumbnailUrl\":\"https:\/\/cagliaricalcio.com\/wp-content\/uploads\/2025\/12\/MAXC5602-rodriguez.webp\",\"datePublished\":\"2025-12-11T15:45:45+00:00\",\"description\":\"In the interview conducted for the Club's official channels, Juan Mart\u00ecn Rodriguez opens up for the first time since his arrival in Sardinia.\",\"breadcrumb\":{\"@id\":\"https:\/\/cagliaricalcio.com\/en\/news\/%f0%9f%8e%99%ef%b8%8finterview-rodriguez-opens-up\/#breadcrumb\"},\"inLanguage\":\"en-US\",\"potentialAction\":[{\"@type\":\"ReadAction\",\"target\":[\"https:\/\/cagliaricalcio.com\/en\/news\/%f0%9f%8e%99%ef%b8%8finterview-rodriguez-opens-up\/\"]}]},{\"@type\":\"ImageObject\",\"inLanguage\":\"en-US\",\"@id\":\"https:\/\/cagliaricalcio.com\/en\/news\/%f0%9f%8e%99%ef%b8%8finterview-rodriguez-opens-up\/#primaryimage\",\"url\":\"https:\/\/cagliaricalcio.com\/wp-content\/uploads\/2025\/12\/MAXC5602-rodriguez.webp\",\"contentUrl\":\"https:\/\/cagliaricalcio.com\/wp-content\/uploads\/2025\/12\/MAXC5602-rodriguez.webp\",\"width\":2063,\"height\":1547},{\"@type\":\"BreadcrumbList\",\"@id\":\"https:\/\/cagliaricalcio.com\/en\/news\/%f0%9f%8e%99%ef%b8%8finterview-rodriguez-opens-up\/#breadcrumb\",\"itemListElement\":[{\"@type\":\"ListItem\",\"position\":1,\"name\":\"Home\",\"item\":\"https:\/\/cagliaricalcio.com\/en\/\"},{\"@type\":\"ListItem\",\"position\":2,\"name\":\"\ud83c\udf99\ufe0fINTERVIEW | Rodriguez opens up\"}]},{\"@type\":\"WebSite\",\"@id\":\"https:\/\/cagliaricalcio.com\/en\/#website\",\"url\":\"https:\/\/cagliaricalcio.com\/en\/\",\"name\":\"Cagliari - Il sito ufficiale del Cagliari Calcio\",\"description\":\"Il sito ufficiale del Cagliari Calcio\",\"potentialAction\":[{\"@type\":\"SearchAction\",\"target\":{\"@type\":\"EntryPoint\",\"urlTemplate\":\"https:\/\/cagliaricalcio.com\/en\/?s={search_term_string}\"},\"query-input\":{\"@type\":\"PropertyValueSpecification\",\"valueRequired\":true,\"valueName\":\"search_term_string\"}}],\"inLanguage\":\"en-US\"}]}<\/script>\n<!-- \/ Yoast SEO plugin. -->","yoast_head_json":{"title":"\ud83c\udf99\ufe0fINTERVIEW | Rodriguez opens up","description":"In the interview conducted for the Club's official channels, Juan Mart\u00ecn Rodriguez opens up for the first time since his arrival in Sardinia.","robots":{"index":"index","follow":"follow","max-snippet":"max-snippet:-1","max-image-preview":"max-image-preview:large","max-video-preview":"max-video-preview:-1"},"canonical":"https:\/\/cagliaricalcio.com\/en\/news\/%f0%9f%8e%99%ef%b8%8finterview-rodriguez-opens-up\/","og_locale":"en_US","og_type":"article","og_title":"\ud83c\udf99\ufe0fINTERVIEW | Rodriguez opens up","og_description":"In the interview conducted for the Club's official channels, Juan Mart\u00ecn Rodriguez opens up for the first time since his arrival in Sardinia.","og_url":"https:\/\/cagliaricalcio.com\/en\/news\/%f0%9f%8e%99%ef%b8%8finterview-rodriguez-opens-up\/","og_site_name":"Cagliari","og_image":[{"width":2063,"height":1547,"url":"https:\/\/cagliaricalcio.com\/wp-content\/uploads\/2025\/12\/MAXC5602-rodriguez.webp","type":"image\/webp"}],"twitter_card":"summary_large_image","twitter_misc":{"Est. reading time":"4 minutes"},"schema":{"@context":"https:\/\/schema.org","@graph":[{"@type":"WebPage","@id":"https:\/\/cagliaricalcio.com\/en\/news\/%f0%9f%8e%99%ef%b8%8finterview-rodriguez-opens-up\/","url":"https:\/\/cagliaricalcio.com\/en\/news\/%f0%9f%8e%99%ef%b8%8finterview-rodriguez-opens-up\/","name":"\ud83c\udf99\ufe0fINTERVIEW | Rodriguez opens up","isPartOf":{"@id":"https:\/\/cagliaricalcio.com\/en\/#website"},"primaryImageOfPage":{"@id":"https:\/\/cagliaricalcio.com\/en\/news\/%f0%9f%8e%99%ef%b8%8finterview-rodriguez-opens-up\/#primaryimage"},"image":{"@id":"https:\/\/cagliaricalcio.com\/en\/news\/%f0%9f%8e%99%ef%b8%8finterview-rodriguez-opens-up\/#primaryimage"},"thumbnailUrl":"https:\/\/cagliaricalcio.com\/wp-content\/uploads\/2025\/12\/MAXC5602-rodriguez.webp","datePublished":"2025-12-11T15:45:45+00:00","description":"In the interview conducted for the Club's official channels, Juan Mart\u00ecn Rodriguez opens up for the first time since his arrival in Sardinia.","breadcrumb":{"@id":"https:\/\/cagliaricalcio.com\/en\/news\/%f0%9f%8e%99%ef%b8%8finterview-rodriguez-opens-up\/#breadcrumb"},"inLanguage":"en-US","potentialAction":[{"@type":"ReadAction","target":["https:\/\/cagliaricalcio.com\/en\/news\/%f0%9f%8e%99%ef%b8%8finterview-rodriguez-opens-up\/"]}]},{"@type":"ImageObject","inLanguage":"en-US","@id":"https:\/\/cagliaricalcio.com\/en\/news\/%f0%9f%8e%99%ef%b8%8finterview-rodriguez-opens-up\/#primaryimage","url":"https:\/\/cagliaricalcio.com\/wp-content\/uploads\/2025\/12\/MAXC5602-rodriguez.webp","contentUrl":"https:\/\/cagliaricalcio.com\/wp-content\/uploads\/2025\/12\/MAXC5602-rodriguez.webp","width":2063,"height":1547},{"@type":"BreadcrumbList","@id":"https:\/\/cagliaricalcio.com\/en\/news\/%f0%9f%8e%99%ef%b8%8finterview-rodriguez-opens-up\/#breadcrumb","itemListElement":[{"@type":"ListItem","position":1,"name":"Home","item":"https:\/\/cagliaricalcio.com\/en\/"},{"@type":"ListItem","position":2,"name":"\ud83c\udf99\ufe0fINTERVIEW | Rodriguez opens up"}]},{"@type":"WebSite","@id":"https:\/\/cagliaricalcio.com\/en\/#website","url":"https:\/\/cagliaricalcio.com\/en\/","name":"Cagliari - Il sito ufficiale del Cagliari Calcio","description":"Il sito ufficiale del Cagliari Calcio","potentialAction":[{"@type":"SearchAction","target":{"@type":"EntryPoint","urlTemplate":"https:\/\/cagliaricalcio.com\/en\/?s={search_term_string}"},"query-input":{"@type":"PropertyValueSpecification","valueRequired":true,"valueName":"search_term_string"}}],"inLanguage":"en-US"}]}},"_links":{"self":[{"href":"https:\/\/cagliaricalcio.com\/en\/wp-json\/wp\/v2\/news\/21027","targetHints":{"allow":["GET"]}}],"collection":[{"href":"https:\/\/cagliaricalcio.com\/en\/wp-json\/wp\/v2\/news"}],"about":[{"href":"https:\/\/cagliaricalcio.com\/en\/wp-json\/wp\/v2\/types\/news"}],"wp:featuredmedia":[{"embeddable":true,"href":"https:\/\/cagliaricalcio.com\/en\/wp-json\/wp\/v2\/media\/21018"}],"wp:attachment":[{"href":"https:\/\/cagliaricalcio.com\/en\/wp-json\/wp\/v2\/media?parent=21027"}],"wp:term":[{"taxonomy":"post_tag","embeddable":true,"href":"https:\/\/cagliaricalcio.com\/en\/wp-json\/wp\/v2\/tags?post=21027"},{"taxonomy":"news_cat","embeddable":true,"href":"https:\/\/cagliaricalcio.com\/en\/wp-json\/wp\/v2\/news_cat?post=21027"}],"curies":[{"name":"wp","href":"https:\/\/api.w.org\/{rel}","templated":true}]}}