{"id":22029,"date":"2026-01-27T16:07:52","date_gmt":"2026-01-27T15:07:52","guid":{"rendered":"https:\/\/cagliaricalcio.com\/news\/albarracin-joins-cagliari\/"},"modified":"2026-01-27T17:47:29","modified_gmt":"2026-01-27T16:47:29","slug":"albarracin-joins-cagliari","status":"publish","type":"news","link":"https:\/\/cagliaricalcio.com\/en\/news\/albarracin-joins-cagliari\/","title":{"rendered":"Albarrac\u00edn joins Cagliari"},"content":{"rendered":"\n<p>Cagliari Calcio announces that it has acquired the registration rights of footballer Agust\u00edn Albarrac\u00edn, who moves permanently from Club Atl\u00e9tico Boston River. He has signed a contract with the Rossoblu until June 30, 2030, with the option to extend the contract for a further season.<\/p>\n\n<p>Born in Montevideo on August 29, 2005, Albarrac\u00edn developed through the youth academy of Montevideo Wanderers, where he signed his first professional contract in April 2023. He made his first-team debut on June 24 in a 0-0 Primera Divisi\u00f3n draw against Pe\u00f1arol. On July 23, he scored his first first-team goal (44 appearances, 2 goals in total), deciding the away match against Boston River, the club that would acquire him in 2025 and from which he is now moving to Sardinia. He has made 33 appearances and scored 11 goals for Boston River. On February 26, 2025, he made his debut in the Copa Libertadores in a 1-1 draw against \u00d1ublense, while in the Copa Sudamericana he has made 4 appearances, scoring 2 goals.   <\/p>\n\n<p>Albarrac\u00edn is a modern and dynamic striker, capable of moving across the entire offensive line. He prefers to start from a central position, alongside a strike partner, but can also adapt effectively to the wings, demonstrating speed, technical ability, and a keen eye for goal. A player of talent and personality, he combines excellent finishing skills with a natural ability to participate in play. His performances quickly earned him a reputation as one of the most exciting prospects in Uruguayan football, culminating in his call-up to the U20 national team and a starring role: 12 appearances (6 in the South American Championship) and 1 goal for the &#8220;Celeste&#8221; U20 team, where he developed a special bond with another Uruguayan prospect in the Rossoblu squad, Juan Mart\u00edn Rodr\u00edguez.   <\/p>\n\n<p>With the arrival of Agust\u00edn Albarrac\u00edn, the long and prestigious tradition linking Uruguay and Cagliari continues: a relationship that has lasted over 40 years and has seen numerous great names land in Sardinia, becoming protagonists on the pitch and eternal symbols of the rossobl\u00f9&#8217;s history.<\/p>\n\n<p>Welcome in Cagliari, Agust\u00edn!<\/p>\n","protected":false},"featured_media":22020,"template":"","tags":[1214,886,1215],"news_cat":[278,276,274],"class_list":["post-22029","news","type-news","status-publish","has-post-thumbnail","hentry","tag-albarracin","tag-transfer-market-en","tag-uruguay","news_cat-new-in","news_cat-latest-news","news_cat-first-team"],"acf":[],"yoast_head":"<!-- This site is optimized with the Yoast SEO plugin v26.7 - https:\/\/yoast.com\/wordpress\/plugins\/seo\/ -->\n<title>Albarrac\u00edn joins Cagliari<\/title>\n<meta name=\"description\" content=\"The young Uruguayan striker, born in 2005, arrives from Boston River on a permanent basis and has signed a contract until June 30, 2030.\" \/>\n<meta name=\"robots\" content=\"index, follow, max-snippet:-1, max-image-preview:large, max-video-preview:-1\" \/>\n<link rel=\"canonical\" href=\"https:\/\/cagliaricalcio.com\/en\/news\/albarracin-joins-cagliari\/\" \/>\n<meta property=\"og:locale\" content=\"en_US\" \/>\n<meta property=\"og:type\" content=\"article\" \/>\n<meta property=\"og:title\" content=\"Albarrac\u00edn joins Cagliari\" \/>\n<meta property=\"og:description\" content=\"The young Uruguayan striker, born in 2005, arrives from Boston River on a permanent basis and has signed a contract until June 30, 2030.\" \/>\n<meta property=\"og:url\" content=\"https:\/\/cagliaricalcio.com\/en\/news\/albarracin-joins-cagliari\/\" \/>\n<meta property=\"og:site_name\" content=\"Cagliari\" \/>\n<meta property=\"article:modified_time\" content=\"2026-01-27T16:47:29+00:00\" \/>\n<meta property=\"og:image\" content=\"https:\/\/cagliaricalcio.com\/wp-content\/uploads\/2026\/01\/VSPA5408Albarracin-scaled.jpg\" \/>\n\t<meta property=\"og:image:width\" content=\"2560\" \/>\n\t<meta property=\"og:image:height\" content=\"1942\" \/>\n\t<meta property=\"og:image:type\" content=\"image\/jpeg\" \/>\n<meta name=\"twitter:card\" content=\"summary_large_image\" \/>\n<meta name=\"twitter:label1\" content=\"Est. reading time\" \/>\n\t<meta name=\"twitter:data1\" content=\"2 minutes\" \/>\n<script type=\"application\/ld+json\" class=\"yoast-schema-graph\">{\"@context\":\"https:\/\/schema.org\",\"@graph\":[{\"@type\":\"WebPage\",\"@id\":\"https:\/\/cagliaricalcio.com\/en\/news\/albarracin-joins-cagliari\/\",\"url\":\"https:\/\/cagliaricalcio.com\/en\/news\/albarracin-joins-cagliari\/\",\"name\":\"Albarrac\u00edn joins Cagliari\",\"isPartOf\":{\"@id\":\"https:\/\/cagliaricalcio.com\/en\/#website\"},\"primaryImageOfPage\":{\"@id\":\"https:\/\/cagliaricalcio.com\/en\/news\/albarracin-joins-cagliari\/#primaryimage\"},\"image\":{\"@id\":\"https:\/\/cagliaricalcio.com\/en\/news\/albarracin-joins-cagliari\/#primaryimage\"},\"thumbnailUrl\":\"https:\/\/cagliaricalcio.com\/wp-content\/uploads\/2026\/01\/VSPA5408Albarracin-scaled.jpg\",\"datePublished\":\"2026-01-27T15:07:52+00:00\",\"dateModified\":\"2026-01-27T16:47:29+00:00\",\"description\":\"The young Uruguayan striker, born in 2005, arrives from Boston River on a permanent basis and has signed a contract until June 30, 2030.\",\"breadcrumb\":{\"@id\":\"https:\/\/cagliaricalcio.com\/en\/news\/albarracin-joins-cagliari\/#breadcrumb\"},\"inLanguage\":\"en-US\",\"potentialAction\":[{\"@type\":\"ReadAction\",\"target\":[\"https:\/\/cagliaricalcio.com\/en\/news\/albarracin-joins-cagliari\/\"]}]},{\"@type\":\"ImageObject\",\"inLanguage\":\"en-US\",\"@id\":\"https:\/\/cagliaricalcio.com\/en\/news\/albarracin-joins-cagliari\/#primaryimage\",\"url\":\"https:\/\/cagliaricalcio.com\/wp-content\/uploads\/2026\/01\/VSPA5408Albarracin-scaled.jpg\",\"contentUrl\":\"https:\/\/cagliaricalcio.com\/wp-content\/uploads\/2026\/01\/VSPA5408Albarracin-scaled.jpg\",\"width\":2560,\"height\":1942},{\"@type\":\"BreadcrumbList\",\"@id\":\"https:\/\/cagliaricalcio.com\/en\/news\/albarracin-joins-cagliari\/#breadcrumb\",\"itemListElement\":[{\"@type\":\"ListItem\",\"position\":1,\"name\":\"Home\",\"item\":\"https:\/\/cagliaricalcio.com\/en\/\"},{\"@type\":\"ListItem\",\"position\":2,\"name\":\"Albarrac\u00edn joins Cagliari\"}]},{\"@type\":\"WebSite\",\"@id\":\"https:\/\/cagliaricalcio.com\/en\/#website\",\"url\":\"https:\/\/cagliaricalcio.com\/en\/\",\"name\":\"Cagliari - Il sito ufficiale del Cagliari Calcio\",\"description\":\"Il sito ufficiale del Cagliari Calcio\",\"potentialAction\":[{\"@type\":\"SearchAction\",\"target\":{\"@type\":\"EntryPoint\",\"urlTemplate\":\"https:\/\/cagliaricalcio.com\/en\/?s={search_term_string}\"},\"query-input\":{\"@type\":\"PropertyValueSpecification\",\"valueRequired\":true,\"valueName\":\"search_term_string\"}}],\"inLanguage\":\"en-US\"}]}<\/script>\n<!-- \/ Yoast SEO plugin. -->","yoast_head_json":{"title":"Albarrac\u00edn joins Cagliari","description":"The young Uruguayan striker, born in 2005, arrives from Boston River on a permanent basis and has signed a contract until June 30, 2030.","robots":{"index":"index","follow":"follow","max-snippet":"max-snippet:-1","max-image-preview":"max-image-preview:large","max-video-preview":"max-video-preview:-1"},"canonical":"https:\/\/cagliaricalcio.com\/en\/news\/albarracin-joins-cagliari\/","og_locale":"en_US","og_type":"article","og_title":"Albarrac\u00edn joins Cagliari","og_description":"The young Uruguayan striker, born in 2005, arrives from Boston River on a permanent basis and has signed a contract until June 30, 2030.","og_url":"https:\/\/cagliaricalcio.com\/en\/news\/albarracin-joins-cagliari\/","og_site_name":"Cagliari","article_modified_time":"2026-01-27T16:47:29+00:00","og_image":[{"width":2560,"height":1942,"url":"https:\/\/cagliaricalcio.com\/wp-content\/uploads\/2026\/01\/VSPA5408Albarracin-scaled.jpg","type":"image\/jpeg"}],"twitter_card":"summary_large_image","twitter_misc":{"Est. reading time":"2 minutes"},"schema":{"@context":"https:\/\/schema.org","@graph":[{"@type":"WebPage","@id":"https:\/\/cagliaricalcio.com\/en\/news\/albarracin-joins-cagliari\/","url":"https:\/\/cagliaricalcio.com\/en\/news\/albarracin-joins-cagliari\/","name":"Albarrac\u00edn joins Cagliari","isPartOf":{"@id":"https:\/\/cagliaricalcio.com\/en\/#website"},"primaryImageOfPage":{"@id":"https:\/\/cagliaricalcio.com\/en\/news\/albarracin-joins-cagliari\/#primaryimage"},"image":{"@id":"https:\/\/cagliaricalcio.com\/en\/news\/albarracin-joins-cagliari\/#primaryimage"},"thumbnailUrl":"https:\/\/cagliaricalcio.com\/wp-content\/uploads\/2026\/01\/VSPA5408Albarracin-scaled.jpg","datePublished":"2026-01-27T15:07:52+00:00","dateModified":"2026-01-27T16:47:29+00:00","description":"The young Uruguayan striker, born in 2005, arrives from Boston River on a permanent basis and has signed a contract until June 30, 2030.","breadcrumb":{"@id":"https:\/\/cagliaricalcio.com\/en\/news\/albarracin-joins-cagliari\/#breadcrumb"},"inLanguage":"en-US","potentialAction":[{"@type":"ReadAction","target":["https:\/\/cagliaricalcio.com\/en\/news\/albarracin-joins-cagliari\/"]}]},{"@type":"ImageObject","inLanguage":"en-US","@id":"https:\/\/cagliaricalcio.com\/en\/news\/albarracin-joins-cagliari\/#primaryimage","url":"https:\/\/cagliaricalcio.com\/wp-content\/uploads\/2026\/01\/VSPA5408Albarracin-scaled.jpg","contentUrl":"https:\/\/cagliaricalcio.com\/wp-content\/uploads\/2026\/01\/VSPA5408Albarracin-scaled.jpg","width":2560,"height":1942},{"@type":"BreadcrumbList","@id":"https:\/\/cagliaricalcio.com\/en\/news\/albarracin-joins-cagliari\/#breadcrumb","itemListElement":[{"@type":"ListItem","position":1,"name":"Home","item":"https:\/\/cagliaricalcio.com\/en\/"},{"@type":"ListItem","position":2,"name":"Albarrac\u00edn joins Cagliari"}]},{"@type":"WebSite","@id":"https:\/\/cagliaricalcio.com\/en\/#website","url":"https:\/\/cagliaricalcio.com\/en\/","name":"Cagliari - Il sito ufficiale del Cagliari Calcio","description":"Il sito ufficiale del Cagliari Calcio","potentialAction":[{"@type":"SearchAction","target":{"@type":"EntryPoint","urlTemplate":"https:\/\/cagliaricalcio.com\/en\/?s={search_term_string}"},"query-input":{"@type":"PropertyValueSpecification","valueRequired":true,"valueName":"search_term_string"}}],"inLanguage":"en-US"}]}},"_links":{"self":[{"href":"https:\/\/cagliaricalcio.com\/en\/wp-json\/wp\/v2\/news\/22029","targetHints":{"allow":["GET"]}}],"collection":[{"href":"https:\/\/cagliaricalcio.com\/en\/wp-json\/wp\/v2\/news"}],"about":[{"href":"https:\/\/cagliaricalcio.com\/en\/wp-json\/wp\/v2\/types\/news"}],"wp:featuredmedia":[{"embeddable":true,"href":"https:\/\/cagliaricalcio.com\/en\/wp-json\/wp\/v2\/media\/22020"}],"wp:attachment":[{"href":"https:\/\/cagliaricalcio.com\/en\/wp-json\/wp\/v2\/media?parent=22029"}],"wp:term":[{"taxonomy":"post_tag","embeddable":true,"href":"https:\/\/cagliaricalcio.com\/en\/wp-json\/wp\/v2\/tags?post=22029"},{"taxonomy":"news_cat","embeddable":true,"href":"https:\/\/cagliaricalcio.com\/en\/wp-json\/wp\/v2\/news_cat?post=22029"}],"curies":[{"name":"wp","href":"https:\/\/api.w.org\/{rel}","templated":true}]}}