{"id":23146,"date":"2026-03-11T20:32:00","date_gmt":"2026-03-11T19:32:00","guid":{"rendered":"https:\/\/cagliaricalcio.com\/news\/%f0%9f%8e%99%ef%b8%8finterview-folorunsho-talks-to-the-media\/"},"modified":"2026-03-11T20:48:07","modified_gmt":"2026-03-11T19:48:07","slug":"%f0%9f%8e%99%ef%b8%8finterview-folorunsho-talks-to-the-media","status":"publish","type":"news","link":"https:\/\/cagliaricalcio.com\/en\/news\/%f0%9f%8e%99%ef%b8%8finterview-folorunsho-talks-to-the-media\/","title":{"rendered":"\ud83c\udf99\ufe0fINTERVIEW | Folorunsho talks to the media"},"content":{"rendered":"\n<p>Coach Pisacane, Adam Obert, and Michael Folorunsho were the stars of this evening&#8217;s &#8220;Meet &amp; Greet&#8221; with fans, held at the EYE Sport &#8211; Cagliari Calcio Store in Largo Carlo Felice, Cagliari. On the sidelines of the meeting, before the autograph and selfie session, Folorunsho spoke to the media.  These are his statements:<\/p>\n\n<p><strong>TOWARDS THE TOP OF THE CONDITION<\/strong><br\/>There were some setbacks on the way to peak physical condition: I started training late, then the injury in December kept me out for a while. It&#8217;s a shame, because at that time I was starting to feel really good. The important thing, however, is to always get back to work, to be ready to continue contributing to the team. I hope to be able to offer the best version of myself as soon as possible. I feel good, I didn&#8217;t think I&#8217;d be able to reach this level of fitness immediately after returning from injury, since I was out for two months. I recovered fairly quickly, obviously I&#8217;m not 100% yet, but it&#8217;s such an important moment in the championship. So you have to give it your all and have maximum concentration.<br\/><br\/><strong>A FILM-RELEASE GOAL<\/strong><br\/>&#8220;The goal against Parma? At first, my teammates looked at me in amazement: &#8216;What a goal!?!&#8217; No one would have ever expected a goal like that. I&#8217;d only been on the pitch a few minutes, coming back from a long injury, and I didn&#8217;t feel the legs to sprint. I glanced at the goalkeeper, he was off his line; I looked at Obert on the other flank, and I thought he couldn&#8217;t get there in time to receive a cross. At that point, I said to myself: &#8216;I&#8217;ll shoot, I&#8217;ll try.&#8217; Luckily, it went well, and it turned out to be a fantastic goal. How many times have I watched it? Quite a few times.&#8221;       <br\/><br\/><strong>THE GOOD OF THE TEAM<\/strong><br\/>I started out as a midfielder, but over the course of my career I&#8217;ve been employed in other roles. Already at Verona, for example, I played as an attacking midfielder, albeit an atypical one. For me, the important thing is to make myself available to the coach, to the team, ready for any eventuality. This year we&#8217;re facing many difficulties, each of us is trying to make our contribution, even adapting. The attacks on social media? They can hurt, not everyone has a strong character. I&#8217;m a guy who doesn&#8217;t spend much time on social media, I consider myself quite prepared, experienced, so I&#8217;ve been fortunate enough to overcome certain moments. My situation was related to the pitch, unfortunately it happened, even if we all want to be perfect in life. In any case, the matter is closed.<br\/><br\/><strong>THE AFFECTION OF CAGLIARI<\/strong><br\/>I&#8217;ve changed teams several times in my career: every season it&#8217;s not easy to arrive in a new place, get re-established, and meet new teammates. I&#8217;d like to spend a longer period with a team: I&#8217;m enjoying myself here in Cagliari. I immediately made an excellent impact with the club, the manager, my teammates, the fans, and the entire Cagliari community. Everyone welcomed me. I&#8217;m really happy with the choice I made last summer. My future here? I&#8217;m on loan with an option to buy. We&#8217;ll have time to think about it, but not now. Now there&#8217;s only Cagliari, the team, and our goal to achieve.<\/p>\n\n<p><strong>GO, RIYAD<\/strong><br\/>&#8220;I&#8217;ve already had the chance to speak with Idrissi. We&#8217;re sorry, it&#8217;s yet another serious injury this season; it seems like fate is really against us. Riyad is a strong guy, I wish him the best of luck. We&#8217;re all behind him.&#8221;<\/p>\n\n<p><strong>THE PERFORMANCE AGAINST COMO<\/strong><br\/>\u201cLa sconfitta contro il Como? Onestamente c\u2019\u00e8 un po\u2019 di rammarico. Trovato il pareggio, c\u2019\u00e8 stato un momento della gara in cui si \u00e8 pensato addirittura a qualcosa di pi\u00f9. Come ci \u00e8 capitato spesso, la prestazione in ogni caso c\u2019\u00e8 stata: abbiamo giocato contro una squadra molto importante, quest\u2019anno il Como sta facendo vedere delle cose importanti. Noi, sia all\u2019andata \u2013 dove abbiamo pareggiato \u2013 sia al ritorno, siamo riusciti quasi a neutralizzare il loro gioco. Siamo dispiaciuti perch\u00e9 avremmo voluto portare a casa dei punti: ma la squadra \u00e8 viva, ci sono le prestazioni. Domenica c\u2019\u00e8 una gara fondamentale, dobbiamo farci trovare pronti\u201d.<\/p>\n\n<p><strong>THE PISA CHALLENGE<\/strong><br\/>&#8220;I scored against Pisa in the first leg, but it&#8217;s not a personal issue, but a team issue. While I&#8217;d certainly like to score again, without getting injured on the goal, obviously. The important thing will be to go to Pisa to put in a great performance and earn as many points as possible. The standings shouldn&#8217;t be misleading: for example, Hellas Verona also beat Bologna in the last round. We certainly won&#8217;t underestimate Pisa; they&#8217;re a team that deserved to earn more points than they have. We&#8217;ll respect them, but we&#8217;ll also try to earn their respect.&#8221;<\/p>\n\n<p>ALL TOGETHER<br\/>&#8220;The team is working well. There are many young players who are demonstrating their qualities, they&#8217;ve shown up ready. They&#8217;re making an incredible contribution. It&#8217;s a strong group that overcomes difficulties: as the coach always says, absences shouldn&#8217;t become an excuse, and this team is proving it. But it&#8217;s not easy, every now and then you lose members: it&#8217;s not easy emotionally either, we&#8217;re a family. So it&#8217;s time for us all to come together, team, fans. Stay close to us: we won&#8217;t give up, and we want to achieve this relegation.&#8221;<\/p>\n","protected":false},"featured_media":23145,"template":"","tags":[1208,1180],"news_cat":[280,278,274],"class_list":["post-23146","news","type-news","status-publish","has-post-thumbnail","hentry","tag-meetgreet","tag-michael-folorunsho-en","news_cat-interviews","news_cat-new-in","news_cat-first-team"],"acf":[],"yoast_head":"<!-- This site is optimized with the Yoast SEO plugin v26.7 - https:\/\/yoast.com\/wordpress\/plugins\/seo\/ -->\n<title>\ud83c\udf99\ufe0fINTERVIEW | Folorunsho talks to the media<\/title>\n<meta name=\"description\" content=\"The Rossobl\u00f9 midfielder spoke on the sidelines of the \u201cMeet&amp;Greet\u201d with the fans hosted by the EYE Sport Store - Cagliari Calcio\" \/>\n<meta name=\"robots\" content=\"index, follow, max-snippet:-1, max-image-preview:large, max-video-preview:-1\" \/>\n<link rel=\"canonical\" href=\"https:\/\/cagliaricalcio.com\/en\/news\/%f0%9f%8e%99%ef%b8%8finterview-folorunsho-talks-to-the-media\/\" \/>\n<meta property=\"og:locale\" content=\"en_US\" \/>\n<meta property=\"og:type\" content=\"article\" \/>\n<meta property=\"og:title\" content=\"\ud83c\udf99\ufe0fINTERVIEW | Folorunsho talks to the media\" \/>\n<meta property=\"og:description\" content=\"The Rossobl\u00f9 midfielder spoke on the sidelines of the \u201cMeet&amp;Greet\u201d with the fans hosted by the EYE Sport Store - Cagliari Calcio\" \/>\n<meta property=\"og:url\" content=\"https:\/\/cagliaricalcio.com\/en\/news\/%f0%9f%8e%99%ef%b8%8finterview-folorunsho-talks-to-the-media\/\" \/>\n<meta property=\"og:site_name\" content=\"Cagliari\" \/>\n<meta property=\"article:modified_time\" content=\"2026-03-11T19:48:07+00:00\" \/>\n<meta property=\"og:image\" content=\"https:\/\/cagliaricalcio.com\/wp-content\/uploads\/2026\/03\/IMG_4001-1-scaled.webp\" \/>\n\t<meta property=\"og:image:width\" content=\"2560\" \/>\n\t<meta property=\"og:image:height\" content=\"1920\" \/>\n\t<meta property=\"og:image:type\" content=\"image\/webp\" \/>\n<meta name=\"twitter:card\" content=\"summary_large_image\" \/>\n<meta name=\"twitter:label1\" content=\"Est. reading time\" \/>\n\t<meta name=\"twitter:data1\" content=\"5 minutes\" \/>\n<script type=\"application\/ld+json\" class=\"yoast-schema-graph\">{\"@context\":\"https:\/\/schema.org\",\"@graph\":[{\"@type\":\"WebPage\",\"@id\":\"https:\/\/cagliaricalcio.com\/en\/news\/%f0%9f%8e%99%ef%b8%8finterview-folorunsho-talks-to-the-media\/\",\"url\":\"https:\/\/cagliaricalcio.com\/en\/news\/%f0%9f%8e%99%ef%b8%8finterview-folorunsho-talks-to-the-media\/\",\"name\":\"\ud83c\udf99\ufe0fINTERVIEW | Folorunsho talks to the media\",\"isPartOf\":{\"@id\":\"https:\/\/cagliaricalcio.com\/en\/#website\"},\"primaryImageOfPage\":{\"@id\":\"https:\/\/cagliaricalcio.com\/en\/news\/%f0%9f%8e%99%ef%b8%8finterview-folorunsho-talks-to-the-media\/#primaryimage\"},\"image\":{\"@id\":\"https:\/\/cagliaricalcio.com\/en\/news\/%f0%9f%8e%99%ef%b8%8finterview-folorunsho-talks-to-the-media\/#primaryimage\"},\"thumbnailUrl\":\"https:\/\/cagliaricalcio.com\/wp-content\/uploads\/2026\/03\/IMG_4001-1-scaled.webp\",\"datePublished\":\"2026-03-11T19:32:00+00:00\",\"dateModified\":\"2026-03-11T19:48:07+00:00\",\"description\":\"The Rossobl\u00f9 midfielder spoke on the sidelines of the \u201cMeet&Greet\u201d with the fans hosted by the EYE Sport Store - Cagliari Calcio\",\"breadcrumb\":{\"@id\":\"https:\/\/cagliaricalcio.com\/en\/news\/%f0%9f%8e%99%ef%b8%8finterview-folorunsho-talks-to-the-media\/#breadcrumb\"},\"inLanguage\":\"en-US\",\"potentialAction\":[{\"@type\":\"ReadAction\",\"target\":[\"https:\/\/cagliaricalcio.com\/en\/news\/%f0%9f%8e%99%ef%b8%8finterview-folorunsho-talks-to-the-media\/\"]}]},{\"@type\":\"ImageObject\",\"inLanguage\":\"en-US\",\"@id\":\"https:\/\/cagliaricalcio.com\/en\/news\/%f0%9f%8e%99%ef%b8%8finterview-folorunsho-talks-to-the-media\/#primaryimage\",\"url\":\"https:\/\/cagliaricalcio.com\/wp-content\/uploads\/2026\/03\/IMG_4001-1-scaled.webp\",\"contentUrl\":\"https:\/\/cagliaricalcio.com\/wp-content\/uploads\/2026\/03\/IMG_4001-1-scaled.webp\",\"width\":2560,\"height\":1920,\"caption\":\"folorunsho 3\"},{\"@type\":\"BreadcrumbList\",\"@id\":\"https:\/\/cagliaricalcio.com\/en\/news\/%f0%9f%8e%99%ef%b8%8finterview-folorunsho-talks-to-the-media\/#breadcrumb\",\"itemListElement\":[{\"@type\":\"ListItem\",\"position\":1,\"name\":\"Home\",\"item\":\"https:\/\/cagliaricalcio.com\/en\/\"},{\"@type\":\"ListItem\",\"position\":2,\"name\":\"\ud83c\udf99\ufe0fINTERVIEW | Folorunsho talks to the media\"}]},{\"@type\":\"WebSite\",\"@id\":\"https:\/\/cagliaricalcio.com\/en\/#website\",\"url\":\"https:\/\/cagliaricalcio.com\/en\/\",\"name\":\"Cagliari - Il sito ufficiale del Cagliari Calcio\",\"description\":\"Il sito ufficiale del Cagliari Calcio\",\"potentialAction\":[{\"@type\":\"SearchAction\",\"target\":{\"@type\":\"EntryPoint\",\"urlTemplate\":\"https:\/\/cagliaricalcio.com\/en\/?s={search_term_string}\"},\"query-input\":{\"@type\":\"PropertyValueSpecification\",\"valueRequired\":true,\"valueName\":\"search_term_string\"}}],\"inLanguage\":\"en-US\"}]}<\/script>\n<!-- \/ Yoast SEO plugin. -->","yoast_head_json":{"title":"\ud83c\udf99\ufe0fINTERVIEW | Folorunsho talks to the media","description":"The Rossobl\u00f9 midfielder spoke on the sidelines of the \u201cMeet&Greet\u201d with the fans hosted by the EYE Sport Store - Cagliari Calcio","robots":{"index":"index","follow":"follow","max-snippet":"max-snippet:-1","max-image-preview":"max-image-preview:large","max-video-preview":"max-video-preview:-1"},"canonical":"https:\/\/cagliaricalcio.com\/en\/news\/%f0%9f%8e%99%ef%b8%8finterview-folorunsho-talks-to-the-media\/","og_locale":"en_US","og_type":"article","og_title":"\ud83c\udf99\ufe0fINTERVIEW | Folorunsho talks to the media","og_description":"The Rossobl\u00f9 midfielder spoke on the sidelines of the \u201cMeet&Greet\u201d with the fans hosted by the EYE Sport Store - Cagliari Calcio","og_url":"https:\/\/cagliaricalcio.com\/en\/news\/%f0%9f%8e%99%ef%b8%8finterview-folorunsho-talks-to-the-media\/","og_site_name":"Cagliari","article_modified_time":"2026-03-11T19:48:07+00:00","og_image":[{"width":2560,"height":1920,"url":"https:\/\/cagliaricalcio.com\/wp-content\/uploads\/2026\/03\/IMG_4001-1-scaled.webp","type":"image\/webp"}],"twitter_card":"summary_large_image","twitter_misc":{"Est. reading time":"5 minutes"},"schema":{"@context":"https:\/\/schema.org","@graph":[{"@type":"WebPage","@id":"https:\/\/cagliaricalcio.com\/en\/news\/%f0%9f%8e%99%ef%b8%8finterview-folorunsho-talks-to-the-media\/","url":"https:\/\/cagliaricalcio.com\/en\/news\/%f0%9f%8e%99%ef%b8%8finterview-folorunsho-talks-to-the-media\/","name":"\ud83c\udf99\ufe0fINTERVIEW | Folorunsho talks to the media","isPartOf":{"@id":"https:\/\/cagliaricalcio.com\/en\/#website"},"primaryImageOfPage":{"@id":"https:\/\/cagliaricalcio.com\/en\/news\/%f0%9f%8e%99%ef%b8%8finterview-folorunsho-talks-to-the-media\/#primaryimage"},"image":{"@id":"https:\/\/cagliaricalcio.com\/en\/news\/%f0%9f%8e%99%ef%b8%8finterview-folorunsho-talks-to-the-media\/#primaryimage"},"thumbnailUrl":"https:\/\/cagliaricalcio.com\/wp-content\/uploads\/2026\/03\/IMG_4001-1-scaled.webp","datePublished":"2026-03-11T19:32:00+00:00","dateModified":"2026-03-11T19:48:07+00:00","description":"The Rossobl\u00f9 midfielder spoke on the sidelines of the \u201cMeet&Greet\u201d with the fans hosted by the EYE Sport Store - Cagliari Calcio","breadcrumb":{"@id":"https:\/\/cagliaricalcio.com\/en\/news\/%f0%9f%8e%99%ef%b8%8finterview-folorunsho-talks-to-the-media\/#breadcrumb"},"inLanguage":"en-US","potentialAction":[{"@type":"ReadAction","target":["https:\/\/cagliaricalcio.com\/en\/news\/%f0%9f%8e%99%ef%b8%8finterview-folorunsho-talks-to-the-media\/"]}]},{"@type":"ImageObject","inLanguage":"en-US","@id":"https:\/\/cagliaricalcio.com\/en\/news\/%f0%9f%8e%99%ef%b8%8finterview-folorunsho-talks-to-the-media\/#primaryimage","url":"https:\/\/cagliaricalcio.com\/wp-content\/uploads\/2026\/03\/IMG_4001-1-scaled.webp","contentUrl":"https:\/\/cagliaricalcio.com\/wp-content\/uploads\/2026\/03\/IMG_4001-1-scaled.webp","width":2560,"height":1920,"caption":"folorunsho 3"},{"@type":"BreadcrumbList","@id":"https:\/\/cagliaricalcio.com\/en\/news\/%f0%9f%8e%99%ef%b8%8finterview-folorunsho-talks-to-the-media\/#breadcrumb","itemListElement":[{"@type":"ListItem","position":1,"name":"Home","item":"https:\/\/cagliaricalcio.com\/en\/"},{"@type":"ListItem","position":2,"name":"\ud83c\udf99\ufe0fINTERVIEW | Folorunsho talks to the media"}]},{"@type":"WebSite","@id":"https:\/\/cagliaricalcio.com\/en\/#website","url":"https:\/\/cagliaricalcio.com\/en\/","name":"Cagliari - Il sito ufficiale del Cagliari Calcio","description":"Il sito ufficiale del Cagliari Calcio","potentialAction":[{"@type":"SearchAction","target":{"@type":"EntryPoint","urlTemplate":"https:\/\/cagliaricalcio.com\/en\/?s={search_term_string}"},"query-input":{"@type":"PropertyValueSpecification","valueRequired":true,"valueName":"search_term_string"}}],"inLanguage":"en-US"}]}},"_links":{"self":[{"href":"https:\/\/cagliaricalcio.com\/en\/wp-json\/wp\/v2\/news\/23146","targetHints":{"allow":["GET"]}}],"collection":[{"href":"https:\/\/cagliaricalcio.com\/en\/wp-json\/wp\/v2\/news"}],"about":[{"href":"https:\/\/cagliaricalcio.com\/en\/wp-json\/wp\/v2\/types\/news"}],"wp:featuredmedia":[{"embeddable":true,"href":"https:\/\/cagliaricalcio.com\/en\/wp-json\/wp\/v2\/media\/23145"}],"wp:attachment":[{"href":"https:\/\/cagliaricalcio.com\/en\/wp-json\/wp\/v2\/media?parent=23146"}],"wp:term":[{"taxonomy":"post_tag","embeddable":true,"href":"https:\/\/cagliaricalcio.com\/en\/wp-json\/wp\/v2\/tags?post=23146"},{"taxonomy":"news_cat","embeddable":true,"href":"https:\/\/cagliaricalcio.com\/en\/wp-json\/wp\/v2\/news_cat?post=23146"}],"curies":[{"name":"wp","href":"https:\/\/api.w.org\/{rel}","templated":true}]}}